{"id":11593,"date":"2026-05-08T14:23:41","date_gmt":"2026-05-08T13:23:41","guid":{"rendered":"https:\/\/agrotecnicadelsegria.com\/?p=11593"},"modified":"2026-08-06T15:04:09","modified_gmt":"2026-08-06T14:04:09","slug":"la-placa-saint-herblain-de-viladecans-una-aposta-per-la-naturalitzacio-de-lespai-public","status":"publish","type":"post","link":"https:\/\/agrotecnicadelsegria.com\/?p=11593","title":{"rendered":"La Plaza Saint Herblain de Viladecans: una apuesta por la naturalizaci\u00f3n del espacio p\u00fablico"},"content":{"rendered":"\t\t<div data-elementor-type=\"wp-post\" data-elementor-id=\"11593\" class=\"elementor elementor-11593\">\n\t\t\t\t<div class=\"elementor-element elementor-element-690918b6 e-flex e-con-boxed wpr-particle-no wpr-jarallax-no wpr-parallax-no wpr-sticky-section-no wpr-column-slider-no wpr-equal-height-no e-con e-parent\" data-id=\"690918b6\" data-element_type=\"container\" data-e-type=\"container\">\n\t\t\t\t\t<div class=\"e-con-inner\">\n\t\t\t\t<div class=\"elementor-element elementor-element-124f651f elementor-widget elementor-widget-text-editor\" data-id=\"124f651f\" data-element_type=\"widget\" data-e-type=\"widget\" data-widget_type=\"text-editor.default\">\n\t\t\t\t<div class=\"elementor-widget-container\">\n\t\t\t\t\t\t\t\t\t<!-- Created with Elementor -->\t\t\t\t\t\t\t\t<\/div>\n\t\t\t\t<\/div>\n\t\t\t\t\t<\/div>\n\t\t\t\t<\/div>\n\t\t<div class=\"elementor-element elementor-element-728a9c0 e-flex e-con-boxed wpr-particle-no wpr-jarallax-no wpr-parallax-no wpr-sticky-section-no wpr-column-slider-no wpr-equal-height-no e-con e-parent\" data-id=\"728a9c0\" data-element_type=\"container\" data-e-type=\"container\">\n\t\t\t\t\t<div class=\"e-con-inner\">\n\t\t\t\t<div class=\"elementor-element elementor-element-e6b248f elementor-widget elementor-widget-heading\" data-id=\"e6b248f\" data-element_type=\"widget\" data-e-type=\"widget\" data-widget_type=\"heading.default\">\n\t\t\t\t<div class=\"elementor-widget-container\">\n\t\t\t\t\t<h2 class=\"elementor-heading-title elementor-size-default\">La Plaza Saint Herblain de Viladecans: una apuesta por la naturalizaci\u00f3n del espacio p\u00fablico<\/h2>\t\t\t\t<\/div>\n\t\t\t\t<\/div>\n\t\t\t\t\t<\/div>\n\t\t\t\t<\/div>\n\t\t<div class=\"elementor-element elementor-element-c6c1baf e-flex e-con-boxed wpr-particle-no wpr-jarallax-no wpr-parallax-no wpr-sticky-section-no wpr-column-slider-no wpr-equal-height-no e-con e-parent\" data-id=\"c6c1baf\" data-element_type=\"container\" data-e-type=\"container\">\n\t\t\t\t\t<div class=\"e-con-inner\">\n\t\t\t\t<div class=\"elementor-element elementor-element-8118e84 elementor-widget elementor-widget-text-editor\" data-id=\"8118e84\" data-element_type=\"widget\" data-e-type=\"widget\" data-widget_type=\"text-editor.default\">\n\t\t\t\t<div class=\"elementor-widget-container\">\n\t\t\t\t\t\t\t\t\tViladecans cuenta con un nuevo ejemplo de c\u00f3mo transformar una plaza dura e infrautilizada en un refugio verde en el coraz\u00f3n del barrio. El proyecto de naturalizaci\u00f3n de la Plaza Saint Herblain representa una intervenci\u00f3n integral sobre un espacio que hasta ahora presentaba graves problemas de aprovechamiento, drenaje y confort t\u00e9rmico.\t\t\t\t\t\t\t\t<\/div>\n\t\t\t\t<\/div>\n\t\t\t\t\t<\/div>\n\t\t\t\t<\/div>\n\t\t<div class=\"elementor-element elementor-element-ef1f94a e-flex e-con-boxed wpr-particle-no wpr-jarallax-no wpr-parallax-no wpr-sticky-section-no wpr-column-slider-no wpr-equal-height-no e-con e-parent\" data-id=\"ef1f94a\" data-element_type=\"container\" data-e-type=\"container\">\n\t\t\t\t\t<div class=\"e-con-inner\">\n\t\t\t\t<div class=\"elementor-element elementor-element-5277976 elementor-widget elementor-widget-text-editor\" data-id=\"5277976\" data-element_type=\"widget\" data-e-type=\"widget\" data-widget_type=\"text-editor.default\">\n\t\t\t\t<div class=\"elementor-widget-container\">\n\t\t\t\t\t\t\t\t\tEl objetivo central del proyecto es claro: reconvertir una plaza de pavimento duro en un espacio verde, amable y m\u00e1s accesible. La intervenci\u00f3n se inserta en el eje verde que conforma el trazado de la Riera de Viladecans \u2013 Plaza Europa \u2013 Parque de la Pau, reforzando un corredor ecol\u00f3gico que atraviesa el municipio de norte a sur y conecta la plaza con su entorno inmediato.\nM\u00e1s que una simple remodelaci\u00f3n est\u00e9tica, el proyecto responde a una necesidad real de la ciudadan\u00eda: disponer de espacios frescos, llenos de vida y accesibles para todos, especialmente para las personas m\u00e1s vulnerables ante las olas de calor. En este sentido, la plaza se ha dise\u00f1ado como un aut\u00e9ntico refugio clim\u00e1tico, alineada con la Declaraci\u00f3n de Viladecans 3-30-300, que apuesta porque cada habitante pueda ver al menos tres \u00e1rboles desde su casa, que el municipio cuente con una buena masa arb\u00f3rea y que todo el mundo disponga de un espacio verde cerca de su hogar.\t\t\t\t\t\t\t\t<\/div>\n\t\t\t\t<\/div>\n\t\t\t\t\t<\/div>\n\t\t\t\t<\/div>\n\t\t<div class=\"elementor-element elementor-element-cf26600 e-flex e-con-boxed wpr-particle-no wpr-jarallax-no wpr-parallax-no wpr-sticky-section-no wpr-column-slider-no wpr-equal-height-no e-con e-parent\" data-id=\"cf26600\" data-element_type=\"container\" data-e-type=\"container\">\n\t\t\t\t\t<div class=\"e-con-inner\">\n\t\t\t\t<div class=\"elementor-element elementor-element-fe90c86 elementor-widget elementor-widget-image\" data-id=\"fe90c86\" data-element_type=\"widget\" data-e-type=\"widget\" data-widget_type=\"image.default\">\n\t\t\t\t<div class=\"elementor-widget-container\">\n\t\t\t\t\t\t\t\t\t\t\t\t\t\t\t<img fetchpriority=\"high\" decoding=\"async\" width=\"1030\" height=\"776\" src=\"https:\/\/agrotecnicadelsegria.com\/wp-content\/uploads\/2026\/05\/IMG_20260330_135850-1030x776.jpg\" class=\"attachment-large size-large wp-image-11596\" alt=\"\" srcset=\"https:\/\/agrotecnicadelsegria.com\/wp-content\/uploads\/2026\/05\/IMG_20260330_135850-1030x776.jpg 1030w, https:\/\/agrotecnicadelsegria.com\/wp-content\/uploads\/2026\/05\/IMG_20260330_135850-300x226.jpg 300w, https:\/\/agrotecnicadelsegria.com\/wp-content\/uploads\/2026\/05\/IMG_20260330_135850-768x578.jpg 768w, https:\/\/agrotecnicadelsegria.com\/wp-content\/uploads\/2026\/05\/IMG_20260330_135850-1536x1157.jpg 1536w, https:\/\/agrotecnicadelsegria.com\/wp-content\/uploads\/2026\/05\/IMG_20260330_135850-2048x1542.jpg 2048w, https:\/\/agrotecnicadelsegria.com\/wp-content\/uploads\/2026\/05\/IMG_20260330_135850-16x12.jpg 16w\" sizes=\"(max-width: 1030px) 100vw, 1030px\" \/>\t\t\t\t\t\t\t\t\t\t\t\t\t\t\t<\/div>\n\t\t\t\t<\/div>\n\t\t\t\t\t<\/div>\n\t\t\t\t<\/div>\n\t\t<div class=\"elementor-element elementor-element-834190d e-flex e-con-boxed wpr-particle-no wpr-jarallax-no wpr-parallax-no wpr-sticky-section-no wpr-column-slider-no wpr-equal-height-no e-con e-parent\" data-id=\"834190d\" data-element_type=\"container\" data-e-type=\"container\">\n\t\t\t\t\t<div class=\"e-con-inner\">\n\t\t\t\t<div class=\"elementor-element elementor-element-191f8eb elementor-widget elementor-widget-text-editor\" data-id=\"191f8eb\" data-element_type=\"widget\" data-e-type=\"widget\" data-widget_type=\"text-editor.default\">\n\t\t\t\t<div class=\"elementor-widget-container\">\n\t\t\t\t\t\t\t\t\tLa transformaci\u00f3n de la plaza ha tenido varios frentes de trabajo que, juntos, han hecho posible un cambio real y profundo en la calidad del espacio.\n\nUno de los aspectos m\u00e1s importantes ha sido repensar c\u00f3mo el agua de lluvia interact\u00faa con la plaza. Hasta ahora, el pavimento duro imped\u00eda que el agua se infiltrara en el suelo, provocando inundaciones puntuales en la rampa de acceso al centro m\u00e9dico adyacente cada vez que llov\u00eda con intensidad. Ahora, gracias a nuevos pavimentos drenantes, a un gran espacio central de gravilla y a todo un sistema de zanjas, pozos y dep\u00f3sitos de infiltraci\u00f3n distribuidos por la plaza, el agua de lluvia se recoge, se gestiona y retorna al subsuelo de manera natural. Esto no solo evita inundaciones, sino que contribuye a mantener los acu\u00edferos en buen estado y a descargar la red de alcantarillado del barrio.\t\t\t\t\t\t\t\t<\/div>\n\t\t\t\t<\/div>\n\t\t\t\t\t<\/div>\n\t\t\t\t<\/div>\n\t\t<div class=\"elementor-element elementor-element-5cd65d8 e-flex e-con-boxed wpr-particle-no wpr-jarallax-no wpr-parallax-no wpr-sticky-section-no wpr-column-slider-no wpr-equal-height-no e-con e-parent\" data-id=\"5cd65d8\" data-element_type=\"container\" data-e-type=\"container\">\n\t\t\t\t\t<div class=\"e-con-inner\">\n\t\t\t\t<div class=\"elementor-element elementor-element-e777d10 elementor-widget elementor-widget-image\" data-id=\"e777d10\" data-element_type=\"widget\" data-e-type=\"widget\" data-widget_type=\"image.default\">\n\t\t\t\t<div class=\"elementor-widget-container\">\n\t\t\t\t\t\t\t\t\t\t\t\t\t\t\t<img decoding=\"async\" width=\"1030\" height=\"776\" src=\"https:\/\/agrotecnicadelsegria.com\/wp-content\/uploads\/2026\/05\/IMG_20260330_135203-1030x776.jpg\" class=\"attachment-large size-large wp-image-11597\" alt=\"\" srcset=\"https:\/\/agrotecnicadelsegria.com\/wp-content\/uploads\/2026\/05\/IMG_20260330_135203-1030x776.jpg 1030w, https:\/\/agrotecnicadelsegria.com\/wp-content\/uploads\/2026\/05\/IMG_20260330_135203-300x226.jpg 300w, https:\/\/agrotecnicadelsegria.com\/wp-content\/uploads\/2026\/05\/IMG_20260330_135203-768x578.jpg 768w, https:\/\/agrotecnicadelsegria.com\/wp-content\/uploads\/2026\/05\/IMG_20260330_135203-1536x1157.jpg 1536w, https:\/\/agrotecnicadelsegria.com\/wp-content\/uploads\/2026\/05\/IMG_20260330_135203-2048x1542.jpg 2048w, https:\/\/agrotecnicadelsegria.com\/wp-content\/uploads\/2026\/05\/IMG_20260330_135203-16x12.jpg 16w\" sizes=\"(max-width: 1030px) 100vw, 1030px\" \/>\t\t\t\t\t\t\t\t\t\t\t\t\t\t\t<\/div>\n\t\t\t\t<\/div>\n\t\t\t\t\t<\/div>\n\t\t\t\t<\/div>\n\t\t<div class=\"elementor-element elementor-element-67d9663 e-flex e-con-boxed wpr-particle-no wpr-jarallax-no wpr-parallax-no wpr-sticky-section-no wpr-column-slider-no wpr-equal-height-no e-con e-parent\" data-id=\"67d9663\" data-element_type=\"container\" data-e-type=\"container\">\n\t\t\t\t\t<div class=\"e-con-inner\">\n\t\t\t\t<div class=\"elementor-element elementor-element-03bc17e elementor-widget elementor-widget-text-editor\" data-id=\"03bc17e\" data-element_type=\"widget\" data-e-type=\"widget\" data-widget_type=\"text-editor.default\">\n\t\t\t\t<div class=\"elementor-widget-container\">\n\t\t\t\t\t\t\t\t\tEn cuanto a la vegetaci\u00f3n, se ha apostado por una gran masa de arbolado nuevo formada por m\u00e1s de sesenta \u00e1rboles de diversas especies, todas ellas adaptadas al clima mediterr\u00e1neo y capaces de resistir per\u00edodos de sequ\u00eda. Se combinan especies de crecimiento r\u00e1pido, que dar\u00e1n sombra pronto, con otras de crecimiento m\u00e1s lento que configurar\u00e1n la estructura principal de la plaza a largo plazo. Se a\u00f1aden tambi\u00e9n arbustos en las zonas de infiltraci\u00f3n y en los espacios de estancia, pensados para potenciar la biodiversidad, generar sombra adicional y reducir el efecto de isla de calor. Todo el arbolado existente en buen estado se ha conservado, sum\u00e1ndose a la nueva plantaci\u00f3n.\nEl riego de toda esta nueva vegetaci\u00f3n se ha dise\u00f1ado para aprovechar la red de agua fre\u00e1tica del municipio, sin necesidad de utilizar agua potable. El sistema es autom\u00e1tico y puede gestionarse a distancia, optimizando el consumo en todo momento.\nLa zona de juegos infantiles se ha renovado y ampliado, y se han incorporado nuevas zonas de estancia con bancos y sillas para todas las edades. En cuanto a la iluminaci\u00f3n, se han mantenido los puntos de luz existentes y se han a\u00f1adido nuevas farolas para garantizar que todo el mundo pueda moverse por la plaza con seguridad, teniendo en cuenta la posici\u00f3n de la nueva vegetaci\u00f3n.\t\t\t\t\t\t\t\t<\/div>\n\t\t\t\t<\/div>\n\t\t\t\t\t<\/div>\n\t\t\t\t<\/div>\n\t\t\t\t<\/div>\n\t\t","protected":false},"excerpt":{"rendered":"<p>La Plaza Saint Herblain de Viladecans: una apuesta por la naturalizaci\u00f3n del espacio p\u00fablico Viladecans cuenta con un nuevo ejemplo de c\u00f3mo transformar una plaza dura e infrautilizada en un refugio verde en el coraz\u00f3n del barrio. El proyecto de naturalizaci\u00f3n de la Plaza Saint Herblain representa una intervenci\u00f3n integral sobre un espacio que hasta ahora presentaba graves problemas de aprovechamiento, drenaje y confort t\u00e9rmico.El objetivo central del proyecto es claro: reconvertir una plaza de pavimento duro en un espacio verde, amable y m\u00e1s accesible. La intervenci\u00f3n se inserta en el eje verde que conforma el trazado de la Riera de Viladecans \u2013 Plaza Europa \u2013 Parque de la Pau, reforzando un corredor ecol\u00f3gico que atraviesa el municipio de norte a sur y conecta la plaza con su entorno inmediato. M\u00e1s que una simple remodelaci\u00f3n est\u00e9tica, el proyecto responde a una necesidad real de la ciudadan\u00eda: disponer de espacios frescos, llenos de vida y accesibles para todos, especialmente para las personas m\u00e1s vulnerables ante las olas de calor. En este sentido, la plaza se ha dise\u00f1ado como un aut\u00e9ntico refugio clim\u00e1tico, alineada con la Declaraci\u00f3n de Viladecans 3-30-300, que apuesta porque cada habitante pueda ver al menos tres \u00e1rboles desde su casa, que el municipio cuente con una buena masa arb\u00f3rea y que todo el mundo disponga de un espacio verde cerca de su hogar. La transformaci\u00f3n de la plaza ha tenido varios frentes de trabajo que, juntos, han hecho posible un cambio real y profundo en la calidad del espacio. Uno de los aspectos m\u00e1s importantes ha sido repensar c\u00f3mo el agua de lluvia interact\u00faa con la plaza. Hasta ahora, el pavimento duro imped\u00eda que el agua se infiltrara en el suelo, provocando inundaciones puntuales en la rampa de acceso al centro m\u00e9dico adyacente cada vez que llov\u00eda con intensidad. Ahora, gracias a nuevos pavimentos drenantes, a un gran espacio central de gravilla y a todo un sistema de zanjas, pozos y dep\u00f3sitos de infiltraci\u00f3n distribuidos por la plaza, el agua de lluvia se recoge, se gestiona y retorna al subsuelo de manera natural. Esto no solo evita inundaciones, sino que contribuye a mantener los acu\u00edferos en buen estado y a descargar la red de alcantarillado del barrio. En cuanto a la vegetaci\u00f3n, se ha apostado por una gran masa de arbolado nuevo formada por m\u00e1s de sesenta \u00e1rboles de diversas especies, todas ellas adaptadas al clima mediterr\u00e1neo y capaces de resistir per\u00edodos de sequ\u00eda. Se combinan especies de crecimiento r\u00e1pido, que dar\u00e1n sombra pronto, con otras de crecimiento m\u00e1s lento que configurar\u00e1n la estructura principal de la plaza a largo plazo. Se a\u00f1aden tambi\u00e9n arbustos en las zonas de infiltraci\u00f3n y en los espacios de estancia, pensados para potenciar la biodiversidad, generar sombra adicional y reducir el efecto de isla de calor. Todo el arbolado existente en buen estado se ha conservado, sum\u00e1ndose a la nueva plantaci\u00f3n. El riego de toda esta nueva vegetaci\u00f3n se ha dise\u00f1ado para aprovechar la red de agua fre\u00e1tica del municipio, sin necesidad de utilizar agua potable. El sistema es autom\u00e1tico y puede gestionarse a distancia, optimizando el consumo en todo momento. La zona de juegos infantiles se ha renovado y ampliado, y se han incorporado nuevas zonas de estancia con bancos y sillas para todas las edades. En cuanto a la iluminaci\u00f3n, se han mantenido los puntos de luz existentes y se han a\u00f1adido nuevas farolas para garantizar que todo el mundo pueda moverse por la plaza con seguridad, teniendo en cuenta la posici\u00f3n de la nueva vegetaci\u00f3n.<\/p>\n","protected":false},"author":3,"featured_media":11602,"comment_status":"open","ping_status":"closed","sticky":false,"template":"elementor_header_footer","format":"standard","meta":{"om_disable_all_campaigns":false,"_monsterinsights_skip_tracking":false,"site-sidebar-layout":"default","site-content-layout":"","ast-site-content-layout":"default","site-content-style":"default","site-sidebar-style":"default","ast-global-header-display":"","ast-banner-title-visibility":"","ast-main-header-display":"","ast-hfb-above-header-display":"","ast-hfb-below-header-display":"","ast-hfb-mobile-header-display":"","site-post-title":"","ast-breadcrumbs-content":"","ast-featured-img":"","footer-sml-layout":"","theme-transparent-header-meta":"default","adv-header-id-meta":"","stick-header-meta":"","header-above-stick-meta":"","header-main-stick-meta":"","header-below-stick-meta":"","astra-migrate-meta-layouts":"set","ast-page-background-enabled":"default","ast-page-background-meta":{"desktop":{"background-color":"var(--ast-global-color-4)","background-image":"","background-repeat":"repeat","background-position":"center center","background-size":"auto","background-attachment":"scroll","background-type":"","background-media":"","overlay-type":"","overlay-color":"","overlay-gradient":""},"tablet":{"background-color":"","background-image":"","background-repeat":"repeat","background-position":"center center","background-size":"auto","background-attachment":"scroll","background-type":"","background-media":"","overlay-type":"","overlay-color":"","overlay-gradient":""},"mobile":{"background-color":"","background-image":"","background-repeat":"repeat","background-position":"center center","background-size":"auto","background-attachment":"scroll","background-type":"","background-media":"","overlay-type":"","overlay-color":"","overlay-gradient":""}},"ast-content-background-meta":{"desktop":{"background-color":"var(--ast-global-color-5)","background-image":"","background-repeat":"repeat","background-position":"center center","background-size":"auto","background-attachment":"scroll","background-type":"","background-media":"","overlay-type":"","overlay-color":"","overlay-gradient":""},"tablet":{"background-color":"var(--ast-global-color-5)","background-image":"","background-repeat":"repeat","background-position":"center center","background-size":"auto","background-attachment":"scroll","background-type":"","background-media":"","overlay-type":"","overlay-color":"","overlay-gradient":""},"mobile":{"background-color":"var(--ast-global-color-5)","background-image":"","background-repeat":"repeat","background-position":"center center","background-size":"auto","background-attachment":"scroll","background-type":"","background-media":"","overlay-type":"","overlay-color":"","overlay-gradient":""}},"footnotes":""},"categories":[225],"tags":[],"class_list":["post-11593","post","type-post","status-publish","format-standard","has-post-thumbnail","hentry","category-noticias"],"aioseo_notices":[],"aioseo_head":"\n\t\t<!-- All in One SEO 5.0.0.1 - aioseo.com -->\n\t<meta name=\"description\" content=\"La Plaza Saint Herblain de Viladecans: una apuesta por la naturalizaci\u00f3n del espacio p\u00fablico Viladecans cuenta con un nuevo ejemplo de c\u00f3mo transformar una plaza dura e infrautilizada en un refugio verde en el coraz\u00f3n del barrio. El proyecto de naturalizaci\u00f3n de la Plaza Saint Herblain representa una intervenci\u00f3n integral sobre un espacio que hasta\" \/>\n\t<meta name=\"robots\" content=\"max-image-preview:large\" \/>\n\t<meta name=\"author\" content=\"Agrotecnica\"\/>\n\t<link rel=\"canonical\" href=\"https:\/\/agrotecnicadelsegria.com\/?p=11593\" \/>\n\t<meta name=\"generator\" content=\"All in One SEO (AIOSEO) 5.0.0.1\" \/>\n\t\t<meta property=\"og:locale\" content=\"es_ES\" \/>\n\t\t<meta property=\"og:site_name\" content=\"Agrot\u00e8cnica del Segri\u00e0\" \/>\n\t\t<meta property=\"og:type\" content=\"article\" \/>\n\t\t<meta property=\"og:title\" content=\"La Plaza Saint Herblain de Viladecans: una apuesta por la naturalizaci\u00f3n del espacio p\u00fablico\" \/>\n\t\t<meta property=\"og:description\" content=\"La Plaza Saint Herblain de Viladecans: una apuesta por la naturalizaci\u00f3n del espacio p\u00fablico Viladecans cuenta con un nuevo ejemplo de c\u00f3mo transformar una plaza dura e infrautilizada en un refugio verde en el coraz\u00f3n del barrio. El proyecto de naturalizaci\u00f3n de la Plaza Saint Herblain representa una intervenci\u00f3n integral sobre un espacio que hasta\" \/>\n\t\t<meta property=\"og:url\" content=\"https:\/\/agrotecnicadelsegria.com\/?p=11593\" \/>\n\t\t<meta property=\"og:image\" content=\"https:\/\/agrotecnicadelsegria.com\/wp-content\/uploads\/2026\/01\/cropped-Logo-PNG-2.png\" \/>\n\t\t<meta property=\"og:image:secure_url\" content=\"https:\/\/agrotecnicadelsegria.com\/wp-content\/uploads\/2026\/01\/cropped-Logo-PNG-2.png\" \/>\n\t\t<meta property=\"article:published_time\" content=\"2026-05-08T13:23:41+00:00\" \/>\n\t\t<meta property=\"article:modified_time\" content=\"2026-08-06T14:04:09+00:00\" \/>\n\t\t<meta name=\"twitter:card\" content=\"summary\" \/>\n\t\t<meta name=\"twitter:title\" content=\"La Plaza Saint Herblain de Viladecans: una apuesta por la naturalizaci\u00f3n del espacio p\u00fablico\" \/>\n\t\t<meta name=\"twitter:description\" content=\"La Plaza Saint Herblain de Viladecans: una apuesta por la naturalizaci\u00f3n del espacio p\u00fablico Viladecans cuenta con un nuevo ejemplo de c\u00f3mo transformar una plaza dura e infrautilizada en un refugio verde en el coraz\u00f3n del barrio. El proyecto de naturalizaci\u00f3n de la Plaza Saint Herblain representa una intervenci\u00f3n integral sobre un espacio que hasta\" \/>\n\t\t<meta name=\"twitter:image\" content=\"https:\/\/agrotecnicadelsegria.com\/wp-content\/uploads\/2026\/01\/cropped-Logo-PNG-2.png\" \/>\n\t\t<script type=\"application\/ld+json\" class=\"aioseo-schema\">\n\t\t\t{\"@context\":\"https:\\\/\\\/schema.org\",\"@graph\":[{\"@type\":\"Article\",\"@id\":\"https:\\\/\\\/agrotecnicadelsegria.com\\\/?p=11593#article\",\"name\":\"La Plaza Saint Herblain de Viladecans: una apuesta por la naturalizaci\\u00f3n del espacio p\\u00fablico\",\"headline\":\"La Plaza Saint Herblain de Viladecans: una apuesta por la naturalizaci\\u00f3n del espacio p\\u00fablico\",\"author\":{\"@id\":\"https:\\\/\\\/agrotecnicadelsegria.com\\\/?author=3#author\"},\"publisher\":{\"@id\":\"https:\\\/\\\/agrotecnicadelsegria.com\\\/#organization\"},\"image\":{\"@type\":\"ImageObject\",\"url\":\"https:\\\/\\\/agrotecnicadelsegria.com\\\/wp-content\\\/uploads\\\/2026\\\/05\\\/2.png\",\"width\":1080,\"height\":1350},\"datePublished\":\"2026-05-08T14:23:41+01:00\",\"dateModified\":\"2026-08-06T15:04:09+01:00\",\"inLanguage\":\"es-ES\",\"mainEntityOfPage\":{\"@id\":\"https:\\\/\\\/agrotecnicadelsegria.com\\\/?p=11593#webpage\"},\"isPartOf\":{\"@id\":\"https:\\\/\\\/agrotecnicadelsegria.com\\\/?p=11593#webpage\"},\"articleSection\":\"NOTICIAS\"},{\"@type\":\"BreadcrumbList\",\"@id\":\"https:\\\/\\\/agrotecnicadelsegria.com\\\/?p=11593#breadcrumblist\",\"itemListElement\":[{\"@type\":\"ListItem\",\"@id\":\"https:\\\/\\\/agrotecnicadelsegria.com#listItem\",\"position\":1,\"name\":\"Inicio\",\"item\":\"https:\\\/\\\/agrotecnicadelsegria.com\",\"nextItem\":{\"@type\":\"ListItem\",\"@id\":\"https:\\\/\\\/agrotecnicadelsegria.com\\\/?cat=225#listItem\",\"name\":\"NOTICIAS\"}},{\"@type\":\"ListItem\",\"@id\":\"https:\\\/\\\/agrotecnicadelsegria.com\\\/?cat=225#listItem\",\"position\":2,\"name\":\"NOTICIAS\",\"item\":\"https:\\\/\\\/agrotecnicadelsegria.com\\\/?cat=225\",\"nextItem\":{\"@type\":\"ListItem\",\"@id\":\"https:\\\/\\\/agrotecnicadelsegria.com\\\/?p=11593#listItem\",\"name\":\"La Plaza Saint Herblain de Viladecans: una apuesta por la naturalizaci\\u00f3n del espacio p\\u00fablico\"},\"previousItem\":{\"@type\":\"ListItem\",\"@id\":\"https:\\\/\\\/agrotecnicadelsegria.com#listItem\",\"name\":\"Inicio\"}},{\"@type\":\"ListItem\",\"@id\":\"https:\\\/\\\/agrotecnicadelsegria.com\\\/?p=11593#listItem\",\"position\":3,\"name\":\"La Plaza Saint Herblain de Viladecans: una apuesta por la naturalizaci\\u00f3n del espacio p\\u00fablico\",\"previousItem\":{\"@type\":\"ListItem\",\"@id\":\"https:\\\/\\\/agrotecnicadelsegria.com\\\/?cat=225#listItem\",\"name\":\"NOTICIAS\"}}]},{\"@type\":\"Organization\",\"@id\":\"https:\\\/\\\/agrotecnicadelsegria.com\\\/#organization\",\"name\":\"RS Agrot\\u00e8cnica del Segri\\u00e0\",\"description\":\"Professionals del sector\",\"url\":\"https:\\\/\\\/agrotecnicadelsegria.com\\\/\",\"telephone\":\"+34973216320\",\"logo\":{\"@type\":\"ImageObject\",\"url\":\"https:\\\/\\\/agrotecnicadelsegria.com\\\/wp-content\\\/uploads\\\/2026\\\/01\\\/cropped-Logo-PNG-2.png\",\"@id\":\"https:\\\/\\\/agrotecnicadelsegria.com\\\/?p=11593\\\/#organizationLogo\",\"width\":1000,\"height\":1000},\"image\":{\"@id\":\"https:\\\/\\\/agrotecnicadelsegria.com\\\/?p=11593\\\/#organizationLogo\"}},{\"@type\":\"Person\",\"@id\":\"https:\\\/\\\/agrotecnicadelsegria.com\\\/?author=3#author\",\"url\":\"https:\\\/\\\/agrotecnicadelsegria.com\\\/?author=3\",\"name\":\"Agrotecnica\",\"image\":{\"@type\":\"ImageObject\",\"@id\":\"https:\\\/\\\/agrotecnicadelsegria.com\\\/?p=11593#authorImage\",\"url\":\"https:\\\/\\\/secure.gravatar.com\\\/avatar\\\/895a60cc6ae62858817b6c20c9e8bc9141add7b71d5008c6e9beb8b1bad1aa37?s=96&d=mm&r=g\",\"width\":96,\"height\":96,\"caption\":\"Agrotecnica\"}},{\"@type\":\"WebPage\",\"@id\":\"https:\\\/\\\/agrotecnicadelsegria.com\\\/?p=11593#webpage\",\"url\":\"https:\\\/\\\/agrotecnicadelsegria.com\\\/?p=11593\",\"name\":\"La Plaza Saint Herblain de Viladecans: una apuesta por la naturalizaci\\u00f3n del espacio p\\u00fablico\",\"description\":\"La Plaza Saint Herblain de Viladecans: una apuesta por la naturalizaci\\u00f3n del espacio p\\u00fablico Viladecans cuenta con un nuevo ejemplo de c\\u00f3mo transformar una plaza dura e infrautilizada en un refugio verde en el coraz\\u00f3n del barrio. El proyecto de naturalizaci\\u00f3n de la Plaza Saint Herblain representa una intervenci\\u00f3n integral sobre un espacio que hasta\",\"inLanguage\":\"es-ES\",\"isPartOf\":{\"@id\":\"https:\\\/\\\/agrotecnicadelsegria.com\\\/#website\"},\"breadcrumb\":{\"@id\":\"https:\\\/\\\/agrotecnicadelsegria.com\\\/?p=11593#breadcrumblist\"},\"author\":{\"@id\":\"https:\\\/\\\/agrotecnicadelsegria.com\\\/?author=3#author\"},\"creator\":{\"@id\":\"https:\\\/\\\/agrotecnicadelsegria.com\\\/?author=3#author\"},\"image\":{\"@type\":\"ImageObject\",\"url\":\"https:\\\/\\\/agrotecnicadelsegria.com\\\/wp-content\\\/uploads\\\/2026\\\/05\\\/2.png\",\"@id\":\"https:\\\/\\\/agrotecnicadelsegria.com\\\/?p=11593\\\/#mainImage\",\"width\":1080,\"height\":1350},\"primaryImageOfPage\":{\"@id\":\"https:\\\/\\\/agrotecnicadelsegria.com\\\/?p=11593#mainImage\"},\"datePublished\":\"2026-05-08T14:23:41+01:00\",\"dateModified\":\"2026-08-06T15:04:09+01:00\"},{\"@type\":\"WebSite\",\"@id\":\"https:\\\/\\\/agrotecnicadelsegria.com\\\/#website\",\"url\":\"https:\\\/\\\/agrotecnicadelsegria.com\\\/\",\"name\":\"AGROT\\u00c8CNICA DEL SEGRI\\u00c0\",\"description\":\"Professionals del sector\",\"inLanguage\":\"es-ES\",\"publisher\":{\"@id\":\"https:\\\/\\\/agrotecnicadelsegria.com\\\/#organization\"}}]}\n\t\t<\/script>\n\t\t<!-- All in One SEO -->\n\n","aioseo_head_json":{"title":"La Plaza Saint Herblain de Viladecans: una apuesta por la naturalizaci\u00f3n del espacio p\u00fablico","description":"La Plaza Saint Herblain de Viladecans: una apuesta por la naturalizaci\u00f3n del espacio p\u00fablico Viladecans cuenta con un nuevo ejemplo de c\u00f3mo transformar una plaza dura e infrautilizada en un refugio verde en el coraz\u00f3n del barrio. El proyecto de naturalizaci\u00f3n de la Plaza Saint Herblain representa una intervenci\u00f3n integral sobre un espacio que hasta","canonical_url":"https:\/\/agrotecnicadelsegria.com\/?p=11593","robots":"max-image-preview:large","keywords":"","webmasterTools":{"miscellaneous":""},"schema":{"@context":"https:\/\/schema.org","@graph":[{"@type":"Article","@id":"https:\/\/agrotecnicadelsegria.com\/?p=11593#article","name":"La Plaza Saint Herblain de Viladecans: una apuesta por la naturalizaci\u00f3n del espacio p\u00fablico","headline":"La Plaza Saint Herblain de Viladecans: una apuesta por la naturalizaci\u00f3n del espacio p\u00fablico","author":{"@id":"https:\/\/agrotecnicadelsegria.com\/?author=3#author"},"publisher":{"@id":"https:\/\/agrotecnicadelsegria.com\/#organization"},"image":{"@type":"ImageObject","url":"https:\/\/agrotecnicadelsegria.com\/wp-content\/uploads\/2026\/05\/2.png","width":1080,"height":1350},"datePublished":"2026-05-08T14:23:41+01:00","dateModified":"2026-08-06T15:04:09+01:00","inLanguage":"es-ES","mainEntityOfPage":{"@id":"https:\/\/agrotecnicadelsegria.com\/?p=11593#webpage"},"isPartOf":{"@id":"https:\/\/agrotecnicadelsegria.com\/?p=11593#webpage"},"articleSection":"NOTICIAS"},{"@type":"BreadcrumbList","@id":"https:\/\/agrotecnicadelsegria.com\/?p=11593#breadcrumblist","itemListElement":[{"@type":"ListItem","@id":"https:\/\/agrotecnicadelsegria.com#listItem","position":1,"name":"Inicio","item":"https:\/\/agrotecnicadelsegria.com","nextItem":{"@type":"ListItem","@id":"https:\/\/agrotecnicadelsegria.com\/?cat=225#listItem","name":"NOTICIAS"}},{"@type":"ListItem","@id":"https:\/\/agrotecnicadelsegria.com\/?cat=225#listItem","position":2,"name":"NOTICIAS","item":"https:\/\/agrotecnicadelsegria.com\/?cat=225","nextItem":{"@type":"ListItem","@id":"https:\/\/agrotecnicadelsegria.com\/?p=11593#listItem","name":"La Plaza Saint Herblain de Viladecans: una apuesta por la naturalizaci\u00f3n del espacio p\u00fablico"},"previousItem":{"@type":"ListItem","@id":"https:\/\/agrotecnicadelsegria.com#listItem","name":"Inicio"}},{"@type":"ListItem","@id":"https:\/\/agrotecnicadelsegria.com\/?p=11593#listItem","position":3,"name":"La Plaza Saint Herblain de Viladecans: una apuesta por la naturalizaci\u00f3n del espacio p\u00fablico","previousItem":{"@type":"ListItem","@id":"https:\/\/agrotecnicadelsegria.com\/?cat=225#listItem","name":"NOTICIAS"}}]},{"@type":"Organization","@id":"https:\/\/agrotecnicadelsegria.com\/#organization","name":"RS Agrot\u00e8cnica del Segri\u00e0","description":"Professionals del sector","url":"https:\/\/agrotecnicadelsegria.com\/","telephone":"+34973216320","logo":{"@type":"ImageObject","url":"https:\/\/agrotecnicadelsegria.com\/wp-content\/uploads\/2026\/01\/cropped-Logo-PNG-2.png","@id":"https:\/\/agrotecnicadelsegria.com\/?p=11593\/#organizationLogo","width":1000,"height":1000},"image":{"@id":"https:\/\/agrotecnicadelsegria.com\/?p=11593\/#organizationLogo"}},{"@type":"Person","@id":"https:\/\/agrotecnicadelsegria.com\/?author=3#author","url":"https:\/\/agrotecnicadelsegria.com\/?author=3","name":"Agrotecnica","image":{"@type":"ImageObject","@id":"https:\/\/agrotecnicadelsegria.com\/?p=11593#authorImage","url":"https:\/\/secure.gravatar.com\/avatar\/895a60cc6ae62858817b6c20c9e8bc9141add7b71d5008c6e9beb8b1bad1aa37?s=96&d=mm&r=g","width":96,"height":96,"caption":"Agrotecnica"}},{"@type":"WebPage","@id":"https:\/\/agrotecnicadelsegria.com\/?p=11593#webpage","url":"https:\/\/agrotecnicadelsegria.com\/?p=11593","name":"La Plaza Saint Herblain de Viladecans: una apuesta por la naturalizaci\u00f3n del espacio p\u00fablico","description":"La Plaza Saint Herblain de Viladecans: una apuesta por la naturalizaci\u00f3n del espacio p\u00fablico Viladecans cuenta con un nuevo ejemplo de c\u00f3mo transformar una plaza dura e infrautilizada en un refugio verde en el coraz\u00f3n del barrio. El proyecto de naturalizaci\u00f3n de la Plaza Saint Herblain representa una intervenci\u00f3n integral sobre un espacio que hasta","inLanguage":"es-ES","isPartOf":{"@id":"https:\/\/agrotecnicadelsegria.com\/#website"},"breadcrumb":{"@id":"https:\/\/agrotecnicadelsegria.com\/?p=11593#breadcrumblist"},"author":{"@id":"https:\/\/agrotecnicadelsegria.com\/?author=3#author"},"creator":{"@id":"https:\/\/agrotecnicadelsegria.com\/?author=3#author"},"image":{"@type":"ImageObject","url":"https:\/\/agrotecnicadelsegria.com\/wp-content\/uploads\/2026\/05\/2.png","@id":"https:\/\/agrotecnicadelsegria.com\/?p=11593\/#mainImage","width":1080,"height":1350},"primaryImageOfPage":{"@id":"https:\/\/agrotecnicadelsegria.com\/?p=11593#mainImage"},"datePublished":"2026-05-08T14:23:41+01:00","dateModified":"2026-08-06T15:04:09+01:00"},{"@type":"WebSite","@id":"https:\/\/agrotecnicadelsegria.com\/#website","url":"https:\/\/agrotecnicadelsegria.com\/","name":"AGROT\u00c8CNICA DEL SEGRI\u00c0","description":"Professionals del sector","inLanguage":"es-ES","publisher":{"@id":"https:\/\/agrotecnicadelsegria.com\/#organization"}}]},"og:locale":"es_ES","og:site_name":"Agrot\u00e8cnica del Segri\u00e0","og:type":"article","og:title":"La Plaza Saint Herblain de Viladecans: una apuesta por la naturalizaci\u00f3n del espacio p\u00fablico","og:description":"La Plaza Saint Herblain de Viladecans: una apuesta por la naturalizaci\u00f3n del espacio p\u00fablico Viladecans cuenta con un nuevo ejemplo de c\u00f3mo transformar una plaza dura e infrautilizada en un refugio verde en el coraz\u00f3n del barrio. El proyecto de naturalizaci\u00f3n de la Plaza Saint Herblain representa una intervenci\u00f3n integral sobre un espacio que hasta","og:url":"https:\/\/agrotecnicadelsegria.com\/?p=11593","og:image":"https:\/\/agrotecnicadelsegria.com\/wp-content\/uploads\/2026\/01\/cropped-Logo-PNG-2.png","og:image:secure_url":"https:\/\/agrotecnicadelsegria.com\/wp-content\/uploads\/2026\/01\/cropped-Logo-PNG-2.png","article:published_time":"2026-05-08T13:23:41+00:00","article:modified_time":"2026-08-06T14:04:09+00:00","twitter:card":"summary","twitter:title":"La Plaza Saint Herblain de Viladecans: una apuesta por la naturalizaci\u00f3n del espacio p\u00fablico","twitter:description":"La Plaza Saint Herblain de Viladecans: una apuesta por la naturalizaci\u00f3n del espacio p\u00fablico Viladecans cuenta con un nuevo ejemplo de c\u00f3mo transformar una plaza dura e infrautilizada en un refugio verde en el coraz\u00f3n del barrio. El proyecto de naturalizaci\u00f3n de la Plaza Saint Herblain representa una intervenci\u00f3n integral sobre un espacio que hasta","twitter:image":"https:\/\/agrotecnicadelsegria.com\/wp-content\/uploads\/2026\/01\/cropped-Logo-PNG-2.png"},"aioseo_meta_data":{"post_id":"11593","title":null,"description":null,"keywords":null,"keyphrases":{"focus":{"keyphrase":"","score":0,"analysis":{"keyphraseInTitle":{"score":0,"maxScore":9,"error":1}}},"additional":[]},"primary_term":null,"canonical_url":null,"og_title":null,"og_description":null,"og_object_type":"default","og_image_type":"default","og_image_url":null,"og_image_width":null,"og_image_height":null,"og_image_custom_url":null,"og_image_custom_fields":null,"og_video":"","og_custom_url":null,"og_article_section":null,"og_article_tags":null,"twitter_use_og":false,"twitter_card":"default","twitter_image_type":"default","twitter_image_url":null,"twitter_image_custom_url":null,"twitter_image_custom_fields":null,"twitter_title":null,"twitter_description":null,"schema":{"blockGraphs":[],"customGraphs":[],"default":{"data":{"Article":[],"Course":[],"Dataset":[],"FAQPage":[],"Movie":[],"Person":[],"Product":[],"ProductReview":[],"Car":[],"Recipe":[],"Service":[],"SoftwareApplication":[],"WebPage":[]},"graphName":"Article","isEnabled":true},"graphs":[]},"schema_type":"default","schema_type_options":null,"pillar_content":false,"robots_default":true,"robots_noindex":false,"robots_noarchive":false,"robots_nosnippet":false,"robots_nofollow":false,"robots_noimageindex":false,"robots_noodp":false,"robots_notranslate":false,"robots_max_snippet":"-1","robots_max_videopreview":"-1","robots_max_imagepreview":"large","priority":null,"frequency":"default","local_seo":null,"breadcrumb_settings":null,"limit_modified_date":false,"ai":{"faqs":[],"keyPoints":[],"schemas":[],"titles":[],"descriptions":[],"socialPosts":{"email":{"subject":"","preview":"","content":""},"linkedin":[],"twitter":[],"facebook":[],"instagram":[]}},"created":"2026-05-08 13:21:36","updated":"2026-08-06 15:32:47","focus_keyword":null,"additional_keywords":null,"truseo_locale":null,"seo_analyzer_scan_date":null},"aioseo_breadcrumb":"<div class=\"aioseo-breadcrumbs\"><span class=\"aioseo-breadcrumb\">\n\t\t\t<a href=\"https:\/\/agrotecnicadelsegria.com\" title=\"Inicio\">Inicio<\/a>\n\t\t<\/span><span class=\"aioseo-breadcrumb-separator\">&raquo;<\/span><span class=\"aioseo-breadcrumb\">\n\t\t\t<a href=\"https:\/\/agrotecnicadelsegria.com\/?cat=225\" title=\"NOTICIAS\">NOTICIAS<\/a>\n\t\t<\/span><span class=\"aioseo-breadcrumb-separator\">&raquo;<\/span><span class=\"aioseo-breadcrumb\">\n\t\t\tLa Plaza Saint Herblain de Viladecans: una apuesta por la naturalizaci\u00f3n del espacio p\u00fablico\n\t\t<\/span><\/div>","aioseo_breadcrumb_json":[{"label":"Inicio","link":"https:\/\/agrotecnicadelsegria.com"},{"label":"NOTICIAS","link":"https:\/\/agrotecnicadelsegria.com\/?cat=225"},{"label":"La Plaza Saint Herblain de Viladecans: una apuesta por la naturalizaci\u00f3n del espacio p\u00fablico","link":"https:\/\/agrotecnicadelsegria.com\/?p=11593"}],"rttpg_featured_image_url":{"full":["https:\/\/agrotecnicadelsegria.com\/wp-content\/uploads\/2026\/05\/2.png",1080,1350,false],"landscape":["https:\/\/agrotecnicadelsegria.com\/wp-content\/uploads\/2026\/05\/2.png",1080,1350,false],"portraits":["https:\/\/agrotecnicadelsegria.com\/wp-content\/uploads\/2026\/05\/2.png",1080,1350,false],"thumbnail":["https:\/\/agrotecnicadelsegria.com\/wp-content\/uploads\/2026\/05\/2-80x80.png",80,80,true],"medium":["https:\/\/agrotecnicadelsegria.com\/wp-content\/uploads\/2026\/05\/2-240x300.png",240,300,true],"large":["https:\/\/agrotecnicadelsegria.com\/wp-content\/uploads\/2026\/05\/2-824x1030.png",824,1030,true],"1536x1536":["https:\/\/agrotecnicadelsegria.com\/wp-content\/uploads\/2026\/05\/2.png",1080,1350,false],"2048x2048":["https:\/\/agrotecnicadelsegria.com\/wp-content\/uploads\/2026\/05\/2.png",1080,1350,false],"trp-custom-language-flag":["https:\/\/agrotecnicadelsegria.com\/wp-content\/uploads\/2026\/05\/2-10x12.png",10,12,true]},"rttpg_author":{"display_name":"Agrotecnica","author_link":"https:\/\/agrotecnicadelsegria.com\/?author=3"},"rttpg_comment":8,"rttpg_category":"<a href=\"https:\/\/agrotecnicadelsegria.com\/?cat=225\" rel=\"category\">NOTICIAS<\/a>","rttpg_excerpt":"La Plaza Saint Herblain de Viladecans: una apuesta por la naturalizaci\u00f3n del espacio p\u00fablico Viladecans cuenta con un nuevo ejemplo de c\u00f3mo transformar una plaza dura e infrautilizada en un refugio verde en el coraz\u00f3n del barrio. El proyecto de naturalizaci\u00f3n de la Plaza Saint Herblain representa una intervenci\u00f3n integral sobre un espacio que hasta&hellip;","_links":{"self":[{"href":"https:\/\/agrotecnicadelsegria.com\/index.php?rest_route=\/wp\/v2\/posts\/11593","targetHints":{"allow":["GET"]}}],"collection":[{"href":"https:\/\/agrotecnicadelsegria.com\/index.php?rest_route=\/wp\/v2\/posts"}],"about":[{"href":"https:\/\/agrotecnicadelsegria.com\/index.php?rest_route=\/wp\/v2\/types\/post"}],"author":[{"embeddable":true,"href":"https:\/\/agrotecnicadelsegria.com\/index.php?rest_route=\/wp\/v2\/users\/3"}],"replies":[{"embeddable":true,"href":"https:\/\/agrotecnicadelsegria.com\/index.php?rest_route=%2Fwp%2Fv2%2Fcomments&post=11593"}],"version-history":[{"count":11,"href":"https:\/\/agrotecnicadelsegria.com\/index.php?rest_route=\/wp\/v2\/posts\/11593\/revisions"}],"predecessor-version":[{"id":11899,"href":"https:\/\/agrotecnicadelsegria.com\/index.php?rest_route=\/wp\/v2\/posts\/11593\/revisions\/11899"}],"wp:featuredmedia":[{"embeddable":true,"href":"https:\/\/agrotecnicadelsegria.com\/index.php?rest_route=\/wp\/v2\/media\/11602"}],"wp:attachment":[{"href":"https:\/\/agrotecnicadelsegria.com\/index.php?rest_route=%2Fwp%2Fv2%2Fmedia&parent=11593"}],"wp:term":[{"taxonomy":"category","embeddable":true,"href":"https:\/\/agrotecnicadelsegria.com\/index.php?rest_route=%2Fwp%2Fv2%2Fcategories&post=11593"},{"taxonomy":"post_tag","embeddable":true,"href":"https:\/\/agrotecnicadelsegria.com\/index.php?rest_route=%2Fwp%2Fv2%2Ftags&post=11593"}],"curies":[{"name":"wp","href":"https:\/\/api.w.org\/{rel}","templated":true}]}}